{"id":5535,"date":"2024-05-31T09:13:17","date_gmt":"2024-05-31T12:13:17","guid":{"rendered":"https:\/\/gobrn.org.br\/portal\/?p=5535"},"modified":"2024-06-01T09:15:32","modified_gmt":"2024-06-01T12:15:32","slug":"participacao-do-grao-mestre-do-gob-rn-na-sessao-magna-de-iniciacao-realizada-pela-arls-uniao-e-trabalho-n-1-838-oriente-de-santa-cruz-rn","status":"publish","type":"post","link":"https:\/\/gobrn.org.br\/portal\/noticias-das-lojas\/participacao-do-grao-mestre-do-gob-rn-na-sessao-magna-de-iniciacao-realizada-pela-arls-uniao-e-trabalho-n-1-838-oriente-de-santa-cruz-rn\/","title":{"rendered":"PARTICIPA\u00c7\u00c3O DO GR\u00c3O-MESTRE DO GOB\/RN NA SESS\u00c3O MAGNA DE INICIA\u00c7\u00c3O REALIZADA PELA ARLS UNI\u00c3O E TRABALHO N\u00b0 1.838, ORIENTE DE SANTA CRUZ\/RN."},"content":{"rendered":"\n<p>&nbsp;&nbsp;&nbsp;&nbsp;&nbsp;&nbsp;&nbsp;&nbsp;&nbsp;&nbsp;&nbsp;&nbsp;&nbsp;&nbsp;&nbsp;&nbsp;&nbsp;&nbsp;&nbsp;&nbsp;&nbsp;&nbsp;&nbsp;&nbsp;&nbsp;&nbsp;&nbsp;&nbsp;&nbsp;&nbsp; Na tarde do dia 30\/05\/2024 (quinta-feira), o Eminente Irm\u00e3o <strong>OSMAR JOS\u00c9 MACIEL DE OLIVEIRA<\/strong>, Gr\u00e3o-Mestre do Grande Oriente do Brasil \u2013 Rio Grande do Norte (GOB\/RN), teve a honra de presidir a Sess\u00e3o Magna de Inicia\u00e7\u00e3o realizada pela <strong>ARLS UNI\u00c3O E TRABALHO IV N\u00b0 1.838, ORIENTE DE SANTA CRUZ\/RN<\/strong>. Na ocasi\u00e3o foi iniciado na Ordem o candidato <strong>ANDERSON ARA\u00daJO DE CARVALHO.<\/strong><\/p>\n\n\n\n<p>&nbsp;&nbsp;&nbsp;&nbsp;&nbsp;&nbsp;&nbsp;&nbsp;&nbsp;&nbsp;&nbsp;&nbsp;&nbsp;&nbsp;&nbsp; &nbsp;&nbsp;&nbsp;&nbsp;&nbsp;&nbsp;&nbsp;&nbsp;&nbsp;&nbsp;&nbsp;&nbsp;&nbsp;&nbsp;&nbsp; A Sess\u00e3o foi conduzida pelo Vener\u00e1vel Mestre da Loja, o Irm\u00e3o <strong>FELIPE MIKE DANTAS CAMPELO<\/strong>, contando com a presen\u00e7a de valorosos irm\u00e3os e autoridades da fam\u00edlia ma\u00e7\u00f4nica (GOB\/RN, GLERN, GORN e GLEPB).<\/p>\n\n\n\n<p>&nbsp;&nbsp;&nbsp;&nbsp;&nbsp;&nbsp;&nbsp;&nbsp;&nbsp;&nbsp;&nbsp;&nbsp;&nbsp;&nbsp;&nbsp;&nbsp;&nbsp;&nbsp;&nbsp;&nbsp;&nbsp;&nbsp;&nbsp;&nbsp;&nbsp;&nbsp;&nbsp;&nbsp;&nbsp;&nbsp; Ao t\u00e9rmino foi oferecido um coquetel aos participantes.<\/p>\n\n\n\n<p>&nbsp;&nbsp;&nbsp;&nbsp;&nbsp;&nbsp;&nbsp;&nbsp;&nbsp;&nbsp;&nbsp;&nbsp;&nbsp;&nbsp;&nbsp;&nbsp;&nbsp;&nbsp;&nbsp;&nbsp;&nbsp;&nbsp;&nbsp;&nbsp;&nbsp;&nbsp;&nbsp;&nbsp;&nbsp;&nbsp; O GOB\/RN congratula-se com a ARLS Uni\u00e3o e Trabalho IV pelo novo Irm\u00e3o iniciado, que veio para fortalecer as suas colunas, bem como apresenta as suas boas-vindas ma\u00e7\u00f4nicas ao seu mais novo Irm\u00e3o Aprendiz, que agora tamb\u00e9m integra a nossa fam\u00edlia institucional.<\/p>\n\n\n\n<p>                                                                                      <strong> \u201cJUNTOS SOMOS MUITO MAIS FORTES AINDA DO QUE IMAGINAMOS SER\u201d<\/strong><\/p>\n\n\n\n<figure class=\"wp-block-image size-large\"><img fetchpriority=\"high\" decoding=\"async\" width=\"1024\" height=\"768\" src=\"https:\/\/gobrn.org.br\/portal\/wp-content\/uploads\/2024\/06\/WhatsApp-Image-2024-05-31-at-15.20.46-1024x768.jpeg\" alt=\"\" class=\"wp-image-5536\" srcset=\"https:\/\/gobrn.org.br\/portal\/wp-content\/uploads\/2024\/06\/WhatsApp-Image-2024-05-31-at-15.20.46-1024x768.jpeg 1024w, https:\/\/gobrn.org.br\/portal\/wp-content\/uploads\/2024\/06\/WhatsApp-Image-2024-05-31-at-15.20.46-300x225.jpeg 300w, https:\/\/gobrn.org.br\/portal\/wp-content\/uploads\/2024\/06\/WhatsApp-Image-2024-05-31-at-15.20.46-768x576.jpeg 768w, https:\/\/gobrn.org.br\/portal\/wp-content\/uploads\/2024\/06\/WhatsApp-Image-2024-05-31-at-15.20.46-1536x1152.jpeg 1536w, https:\/\/gobrn.org.br\/portal\/wp-content\/uploads\/2024\/06\/WhatsApp-Image-2024-05-31-at-15.20.46-2048x1536.jpeg 2048w\" sizes=\"(max-width: 1024px) 100vw, 1024px\" \/><\/figure>\n","protected":false},"excerpt":{"rendered":"<p>&nbsp;&nbsp;&nbsp;&nbsp;&nbsp;&nbsp;&nbsp;&nbsp;&nbsp;&nbsp;&nbsp;&nbsp;&nbsp;&nbsp;&nbsp;&nbsp;&nbsp;&nbsp;&nbsp;&nbsp;&nbsp;&nbsp;&nbsp;&nbsp;&nbsp;&nbsp;&nbsp;&nbsp;&nbsp;&nbsp; Na tarde do dia 30\/05\/2024 (quinta-feira), o Eminente Irm\u00e3o OSMAR JOS\u00c9 MACIEL DE OLIVEIRA, Gr\u00e3o-Mestre do Grande Oriente do Brasil \u2013 Rio Grande do Norte (GOB\/RN), teve a honra de presidir a Sess\u00e3o Magna de Inicia\u00e7\u00e3o realizada pela ARLS UNI\u00c3O E TRABALHO IV N\u00b0 1.838, ORIENTE DE SANTA CRUZ\/RN. Na ocasi\u00e3o foi iniciado na [&hellip;]<\/p>\n","protected":false},"author":3,"featured_media":5536,"comment_status":"open","ping_status":"open","sticky":false,"template":"","format":"standard","meta":{"site-sidebar-layout":"default","site-content-layout":"","ast-site-content-layout":"default","site-content-style":"default","site-sidebar-style":"default","ast-global-header-display":"","ast-banner-title-visibility":"","ast-main-header-display":"","ast-hfb-above-header-display":"","ast-hfb-below-header-display":"","ast-hfb-mobile-header-display":"","site-post-title":"","ast-breadcrumbs-content":"","ast-featured-img":"","footer-sml-layout":"","theme-transparent-header-meta":"","adv-header-id-meta":"","stick-header-meta":"","header-above-stick-meta":"","header-main-stick-meta":"","header-below-stick-meta":"","astra-migrate-meta-layouts":"default","ast-page-background-enabled":"default","ast-page-background-meta":{"desktop":{"background-color":"","background-image":"","background-repeat":"repeat","background-position":"center center","background-size":"auto","background-attachment":"scroll","background-type":"","background-media":"","overlay-type":"","overlay-color":"","overlay-opacity":"","overlay-gradient":""},"tablet":{"background-color":"","background-image":"","background-repeat":"repeat","background-position":"center center","background-size":"auto","background-attachment":"scroll","background-type":"","background-media":"","overlay-type":"","overlay-color":"","overlay-opacity":"","overlay-gradient":""},"mobile":{"background-color":"","background-image":"","background-repeat":"repeat","background-position":"center center","background-size":"auto","background-attachment":"scroll","background-type":"","background-media":"","overlay-type":"","overlay-color":"","overlay-opacity":"","overlay-gradient":""}},"ast-content-background-meta":{"desktop":{"background-color":"var(--ast-global-color-5)","background-image":"","background-repeat":"repeat","background-position":"center center","background-size":"auto","background-attachment":"scroll","background-type":"","background-media":"","overlay-type":"","overlay-color":"","overlay-opacity":"","overlay-gradient":""},"tablet":{"background-color":"var(--ast-global-color-5)","background-image":"","background-repeat":"repeat","background-position":"center center","background-size":"auto","background-attachment":"scroll","background-type":"","background-media":"","overlay-type":"","overlay-color":"","overlay-opacity":"","overlay-gradient":""},"mobile":{"background-color":"var(--ast-global-color-5)","background-image":"","background-repeat":"repeat","background-position":"center center","background-size":"auto","background-attachment":"scroll","background-type":"","background-media":"","overlay-type":"","overlay-color":"","overlay-opacity":"","overlay-gradient":""}},"_themeisle_gutenberg_block_has_review":false,"footnotes":"","_links_to":"","_links_to_target":""},"categories":[4],"tags":[],"class_list":["post-5535","post","type-post","status-publish","format-standard","has-post-thumbnail","hentry","category-noticias-das-lojas"],"_links":{"self":[{"href":"https:\/\/gobrn.org.br\/portal\/wp-json\/wp\/v2\/posts\/5535","targetHints":{"allow":["GET"]}}],"collection":[{"href":"https:\/\/gobrn.org.br\/portal\/wp-json\/wp\/v2\/posts"}],"about":[{"href":"https:\/\/gobrn.org.br\/portal\/wp-json\/wp\/v2\/types\/post"}],"author":[{"embeddable":true,"href":"https:\/\/gobrn.org.br\/portal\/wp-json\/wp\/v2\/users\/3"}],"replies":[{"embeddable":true,"href":"https:\/\/gobrn.org.br\/portal\/wp-json\/wp\/v2\/comments?post=5535"}],"version-history":[{"count":2,"href":"https:\/\/gobrn.org.br\/portal\/wp-json\/wp\/v2\/posts\/5535\/revisions"}],"predecessor-version":[{"id":5539,"href":"https:\/\/gobrn.org.br\/portal\/wp-json\/wp\/v2\/posts\/5535\/revisions\/5539"}],"wp:featuredmedia":[{"embeddable":true,"href":"https:\/\/gobrn.org.br\/portal\/wp-json\/wp\/v2\/media\/5536"}],"wp:attachment":[{"href":"https:\/\/gobrn.org.br\/portal\/wp-json\/wp\/v2\/media?parent=5535"}],"wp:term":[{"taxonomy":"category","embeddable":true,"href":"https:\/\/gobrn.org.br\/portal\/wp-json\/wp\/v2\/categories?post=5535"},{"taxonomy":"post_tag","embeddable":true,"href":"https:\/\/gobrn.org.br\/portal\/wp-json\/wp\/v2\/tags?post=5535"}],"curies":[{"name":"wp","href":"https:\/\/api.w.org\/{rel}","templated":true}]}}