{"id":5532,"date":"2024-05-29T09:56:32","date_gmt":"2024-05-29T12:56:32","guid":{"rendered":"https:\/\/gobrn.org.br\/portal\/?p=5532"},"modified":"2024-05-30T09:57:39","modified_gmt":"2024-05-30T12:57:39","slug":"sessao-magna-de-iniciacao-realizada-pela-arls-sebastiao-vasconcelos-dos-santos-n-3-759-oriente-de-mossoro-rn","status":"publish","type":"post","link":"https:\/\/gobrn.org.br\/portal\/noticias-das-lojas\/sessao-magna-de-iniciacao-realizada-pela-arls-sebastiao-vasconcelos-dos-santos-n-3-759-oriente-de-mossoro-rn\/","title":{"rendered":"SESS\u00c3O MAGNA DE INICIA\u00c7\u00c3O REALIZADA PELA ARLS SEBASTI\u00c3O VASCONCELOS DOS SANTOS N\u00b0 3.759, ORIENTE DE MOSSOR\u00d3\/RN."},"content":{"rendered":"\n<p>&nbsp;&nbsp;&nbsp;&nbsp;&nbsp;&nbsp;&nbsp;&nbsp;&nbsp;&nbsp;&nbsp;&nbsp;&nbsp;&nbsp;&nbsp;&nbsp;&nbsp;&nbsp;&nbsp;&nbsp;&nbsp;&nbsp;&nbsp;&nbsp;&nbsp;&nbsp;&nbsp;&nbsp;&nbsp;&nbsp; Na noite do dia 29\/05\/2024 (quarta-feira), o Poderoso Irm\u00e3o <strong>DEUSDEDITE XAVIER DE BRITO<\/strong>, Gr\u00e3o-Mestre Adjunto do Grande Oriente do Brasil \u2013 Rio Grande do Norte (GOB\/RN), presidiu a Sess\u00e3o Magna de Inicia\u00e7\u00e3o realizada pela <strong>ARLS SEBASTI\u00c3O VASCONCELOS DOS SANTOS N\u00b0 3.759, ORIENTE DE MOSSOR\u00d3\/RN<\/strong>. Na ocasi\u00e3o foram iniciados na Ordem os candidatos <strong>ANDR\u00c9 LUIZ CARDOSO DA MATA <\/strong>e<strong> ALLAN FERNANDES DE OLIVEIRA.<\/strong><\/p>\n\n\n\n<p>&nbsp;&nbsp;&nbsp;&nbsp;&nbsp;&nbsp;&nbsp;&nbsp;&nbsp;&nbsp;&nbsp;&nbsp;&nbsp;&nbsp;&nbsp; &nbsp;&nbsp;&nbsp;&nbsp;&nbsp;&nbsp;&nbsp;&nbsp;&nbsp;&nbsp;&nbsp;&nbsp;&nbsp;&nbsp;&nbsp; A Sess\u00e3o foi conduzida pelo Vener\u00e1vel Mestre da Loja, o Irm\u00e3o <strong>JO\u00c3O PAULO BEZERA J\u00daNIOR<\/strong>, contando com a presen\u00e7a de valorosos Irm\u00e3os e autoridades da fam\u00edlia ma\u00e7\u00f4nica potiguar.<\/p>\n\n\n\n<p>&nbsp;&nbsp;&nbsp;&nbsp;&nbsp;&nbsp;&nbsp;&nbsp;&nbsp;&nbsp;&nbsp;&nbsp;&nbsp;&nbsp;&nbsp;&nbsp;&nbsp;&nbsp;&nbsp;&nbsp;&nbsp;&nbsp;&nbsp;&nbsp;&nbsp;&nbsp;&nbsp;&nbsp;&nbsp;&nbsp; O GOB\/RN congratula-se com a ARLS Sebasti\u00e3o Vasconcelos dos Santos pelos novos Irm\u00e3os iniciados, que certamente vieram para fortalecer as suas colunas, bem como apresenta as suas boas-vindas ma\u00e7\u00f4nicas aos seus mais novos Irm\u00e3os Aprendizes.<\/p>\n\n\n\n<p>                                                                                     <strong> \u201cJUNTOS SOMOS MUITO MAIS FORTES AINDA DO QUE IMAGINAMOS SER\u201d<\/strong><\/p>\n\n\n\n<figure class=\"wp-block-image size-large\"><img fetchpriority=\"high\" decoding=\"async\" width=\"1024\" height=\"768\" src=\"https:\/\/gobrn.org.br\/portal\/wp-content\/uploads\/2024\/05\/WhatsApp-Image-2024-05-30-at-08.37.20-1024x768.jpeg\" alt=\"\" class=\"wp-image-5533\" srcset=\"https:\/\/gobrn.org.br\/portal\/wp-content\/uploads\/2024\/05\/WhatsApp-Image-2024-05-30-at-08.37.20-1024x768.jpeg 1024w, https:\/\/gobrn.org.br\/portal\/wp-content\/uploads\/2024\/05\/WhatsApp-Image-2024-05-30-at-08.37.20-300x225.jpeg 300w, https:\/\/gobrn.org.br\/portal\/wp-content\/uploads\/2024\/05\/WhatsApp-Image-2024-05-30-at-08.37.20-768x576.jpeg 768w, https:\/\/gobrn.org.br\/portal\/wp-content\/uploads\/2024\/05\/WhatsApp-Image-2024-05-30-at-08.37.20-1536x1152.jpeg 1536w, https:\/\/gobrn.org.br\/portal\/wp-content\/uploads\/2024\/05\/WhatsApp-Image-2024-05-30-at-08.37.20.jpeg 1600w\" sizes=\"(max-width: 1024px) 100vw, 1024px\" \/><\/figure>\n","protected":false},"excerpt":{"rendered":"<p>&nbsp;&nbsp;&nbsp;&nbsp;&nbsp;&nbsp;&nbsp;&nbsp;&nbsp;&nbsp;&nbsp;&nbsp;&nbsp;&nbsp;&nbsp;&nbsp;&nbsp;&nbsp;&nbsp;&nbsp;&nbsp;&nbsp;&nbsp;&nbsp;&nbsp;&nbsp;&nbsp;&nbsp;&nbsp;&nbsp; Na noite do dia 29\/05\/2024 (quarta-feira), o Poderoso Irm\u00e3o DEUSDEDITE XAVIER DE BRITO, Gr\u00e3o-Mestre Adjunto do Grande Oriente do Brasil \u2013 Rio Grande do Norte (GOB\/RN), presidiu a Sess\u00e3o Magna de Inicia\u00e7\u00e3o realizada pela ARLS SEBASTI\u00c3O VASCONCELOS DOS SANTOS N\u00b0 3.759, ORIENTE DE MOSSOR\u00d3\/RN. Na ocasi\u00e3o foram iniciados na Ordem os candidatos ANDR\u00c9 LUIZ [&hellip;]<\/p>\n","protected":false},"author":3,"featured_media":5533,"comment_status":"open","ping_status":"open","sticky":false,"template":"","format":"standard","meta":{"site-sidebar-layout":"default","site-content-layout":"","ast-site-content-layout":"default","site-content-style":"default","site-sidebar-style":"default","ast-global-header-display":"","ast-banner-title-visibility":"","ast-main-header-display":"","ast-hfb-above-header-display":"","ast-hfb-below-header-display":"","ast-hfb-mobile-header-display":"","site-post-title":"","ast-breadcrumbs-content":"","ast-featured-img":"","footer-sml-layout":"","theme-transparent-header-meta":"","adv-header-id-meta":"","stick-header-meta":"","header-above-stick-meta":"","header-main-stick-meta":"","header-below-stick-meta":"","astra-migrate-meta-layouts":"default","ast-page-background-enabled":"default","ast-page-background-meta":{"desktop":{"background-color":"","background-image":"","background-repeat":"repeat","background-position":"center center","background-size":"auto","background-attachment":"scroll","background-type":"","background-media":"","overlay-type":"","overlay-color":"","overlay-opacity":"","overlay-gradient":""},"tablet":{"background-color":"","background-image":"","background-repeat":"repeat","background-position":"center center","background-size":"auto","background-attachment":"scroll","background-type":"","background-media":"","overlay-type":"","overlay-color":"","overlay-opacity":"","overlay-gradient":""},"mobile":{"background-color":"","background-image":"","background-repeat":"repeat","background-position":"center center","background-size":"auto","background-attachment":"scroll","background-type":"","background-media":"","overlay-type":"","overlay-color":"","overlay-opacity":"","overlay-gradient":""}},"ast-content-background-meta":{"desktop":{"background-color":"var(--ast-global-color-5)","background-image":"","background-repeat":"repeat","background-position":"center center","background-size":"auto","background-attachment":"scroll","background-type":"","background-media":"","overlay-type":"","overlay-color":"","overlay-opacity":"","overlay-gradient":""},"tablet":{"background-color":"var(--ast-global-color-5)","background-image":"","background-repeat":"repeat","background-position":"center center","background-size":"auto","background-attachment":"scroll","background-type":"","background-media":"","overlay-type":"","overlay-color":"","overlay-opacity":"","overlay-gradient":""},"mobile":{"background-color":"var(--ast-global-color-5)","background-image":"","background-repeat":"repeat","background-position":"center center","background-size":"auto","background-attachment":"scroll","background-type":"","background-media":"","overlay-type":"","overlay-color":"","overlay-opacity":"","overlay-gradient":""}},"_themeisle_gutenberg_block_has_review":false,"footnotes":"","_links_to":"","_links_to_target":""},"categories":[4],"tags":[],"class_list":["post-5532","post","type-post","status-publish","format-standard","has-post-thumbnail","hentry","category-noticias-das-lojas"],"_links":{"self":[{"href":"https:\/\/gobrn.org.br\/portal\/wp-json\/wp\/v2\/posts\/5532","targetHints":{"allow":["GET"]}}],"collection":[{"href":"https:\/\/gobrn.org.br\/portal\/wp-json\/wp\/v2\/posts"}],"about":[{"href":"https:\/\/gobrn.org.br\/portal\/wp-json\/wp\/v2\/types\/post"}],"author":[{"embeddable":true,"href":"https:\/\/gobrn.org.br\/portal\/wp-json\/wp\/v2\/users\/3"}],"replies":[{"embeddable":true,"href":"https:\/\/gobrn.org.br\/portal\/wp-json\/wp\/v2\/comments?post=5532"}],"version-history":[{"count":1,"href":"https:\/\/gobrn.org.br\/portal\/wp-json\/wp\/v2\/posts\/5532\/revisions"}],"predecessor-version":[{"id":5534,"href":"https:\/\/gobrn.org.br\/portal\/wp-json\/wp\/v2\/posts\/5532\/revisions\/5534"}],"wp:featuredmedia":[{"embeddable":true,"href":"https:\/\/gobrn.org.br\/portal\/wp-json\/wp\/v2\/media\/5533"}],"wp:attachment":[{"href":"https:\/\/gobrn.org.br\/portal\/wp-json\/wp\/v2\/media?parent=5532"}],"wp:term":[{"taxonomy":"category","embeddable":true,"href":"https:\/\/gobrn.org.br\/portal\/wp-json\/wp\/v2\/categories?post=5532"},{"taxonomy":"post_tag","embeddable":true,"href":"https:\/\/gobrn.org.br\/portal\/wp-json\/wp\/v2\/tags?post=5532"}],"curies":[{"name":"wp","href":"https:\/\/api.w.org\/{rel}","templated":true}]}}