{"id":5495,"date":"2024-05-20T12:43:23","date_gmt":"2024-05-20T15:43:23","guid":{"rendered":"https:\/\/gobrn.org.br\/portal\/?p=5495"},"modified":"2024-05-26T12:45:15","modified_gmt":"2024-05-26T15:45:15","slug":"sessao-magna-de-elevacao-ao-grau-de-companheiro-macom-realizada-pela-loja-maconica-templarios-do-serido-no-4588-oriente-de-parelhas-rn","status":"publish","type":"post","link":"https:\/\/gobrn.org.br\/portal\/noticias-do-gob-rn\/sessao-magna-de-elevacao-ao-grau-de-companheiro-macom-realizada-pela-loja-maconica-templarios-do-serido-no-4588-oriente-de-parelhas-rn\/","title":{"rendered":"SESS\u00c3O MAGNA DE ELEVA\u00c7\u00c3O AO GRAU DE COMPANHEIRO MA\u00c7OM, REALIZADA PELA LOJA MA\u00c7\u00d4NICA TEMPL\u00c1RIOS DO SERID\u00d3 N\u00ba 4588, ORIENTE DE PARELHAS \u2013 RN"},"content":{"rendered":"\n<p>&nbsp;&nbsp;&nbsp;&nbsp;&nbsp;&nbsp;&nbsp;&nbsp;&nbsp;&nbsp;&nbsp;&nbsp;&nbsp;&nbsp;&nbsp;&nbsp;&nbsp;&nbsp;&nbsp;&nbsp;&nbsp;&nbsp;&nbsp;&nbsp;&nbsp;&nbsp;&nbsp;&nbsp;&nbsp;&nbsp; Na manh\u00e3 do dia 18\/05\/2024 (s\u00e1bado), a <strong>ARLS TEMPL\u00c1RIOS DO SERID\u00d3 N\u00ba 4588, ORIENTE DE PARELHAS\/RN<\/strong>, realizou Sess\u00e3o Magna de Eleva\u00e7\u00e3o, ocasi\u00e3o em que foram elevados ao Grau de Companheiro Ma\u00e7om os irm\u00e3os <strong>ITAM\u00c1RIO BEZERRA DE LIMA<\/strong> e <strong>JOS\u00c9 ANT\u00d4NIO SOARES DE ARA\u00daJO<\/strong>.<\/p>\n\n\n\n<p>&nbsp;&nbsp;&nbsp;&nbsp;&nbsp;&nbsp;&nbsp;&nbsp;&nbsp;&nbsp;&nbsp;&nbsp;&nbsp;&nbsp;&nbsp;&nbsp;&nbsp;&nbsp;&nbsp;&nbsp;&nbsp;&nbsp;&nbsp;&nbsp;&nbsp;&nbsp;&nbsp;&nbsp;&nbsp;&nbsp; O Evento ma\u00e7\u00f4nico ocorreu no Templo da Loja Ma\u00e7\u00f4nica Cirilo Santos, jurisdicionada ao Grande Oriente do Rio Grande do Norte (GORN).<\/p>\n\n\n\n<p>&nbsp;&nbsp;&nbsp;&nbsp;&nbsp;&nbsp;&nbsp;&nbsp;&nbsp;&nbsp;&nbsp;&nbsp;&nbsp;&nbsp;&nbsp;&nbsp;&nbsp;&nbsp;&nbsp;&nbsp;&nbsp;&nbsp;&nbsp;&nbsp;&nbsp;&nbsp;&nbsp;&nbsp;&nbsp;&nbsp; A Sess\u00e3o foi presidida e conduzida pelo Vener\u00e1vel Irm\u00e3o <strong>NELSON VITORINO LUSTOSA<\/strong>, Vener\u00e1vel Mestre da Loja Ma\u00e7\u00f4nica Templ\u00e1rios do Serid\u00f3, contando com a participa\u00e7\u00e3o de valorosos Irm\u00e3os da fam\u00edlia ma\u00e7\u00f4nica e visitantes, entre eles o Vener\u00e1vel Irm\u00e3o <strong>JOS\u00c9 GON\u00c7ALVES DA SILVA<\/strong> (Vener\u00e1vel Mestre da ARLS Cirilo Santos), o Irm\u00e3o <strong>LUCIANO CANDIDO DE ASSIS<\/strong> (Membro ativo da ARLS Manoel Abigail \u2013 jurisdicionada \u00e0 Grande Loja Ma\u00e7\u00f4nica do Estado do Rio Grande do Norte \u2013 GLERN), e o irm\u00e3o <strong>M\u00c9RCIO EMANUEL ALVES<\/strong> (Membro ativo da ARLS Flores de Ac\u00e1cia \u2013 jurisdicionada \u00e0 Grande Loja Ma\u00e7\u00f4nica do Estado do Rio Grande do Norte \u2013 GLERN), os quais abrilhantaram a Sess\u00e3o com suas queridas presen\u00e7as.<\/p>\n\n\n\n<p>&nbsp;&nbsp;&nbsp;&nbsp;&nbsp;&nbsp;&nbsp;&nbsp;&nbsp;&nbsp;&nbsp;&nbsp;&nbsp;&nbsp;&nbsp;&nbsp;&nbsp;&nbsp;&nbsp;&nbsp;&nbsp;&nbsp;&nbsp;&nbsp;&nbsp;&nbsp;&nbsp;&nbsp;&nbsp;&nbsp; O GOB\/RN parabeniza a Loja Ma\u00e7\u00f4nica Templ\u00e1rios do Serid\u00f3 pelo evento ma\u00e7\u00f4nico realizado, bem como aos seus mais novos Irm\u00e3os Companheiros.<\/p>\n\n\n\n<p>                                                                           <strong> \u201cJUNTOS SOMOS MUITO MAIS FORTES AINDA DO QUE IMAGINAMOS SER\u201d<\/strong><\/p>\n\n\n\n<figure class=\"wp-block-gallery has-nested-images columns-default is-cropped wp-block-gallery-1 is-layout-flex wp-block-gallery-is-layout-flex\">\n<figure class=\"wp-block-image size-large\"><img fetchpriority=\"high\" decoding=\"async\" width=\"1024\" height=\"768\" data-id=\"5496\" src=\"https:\/\/gobrn.org.br\/portal\/wp-content\/uploads\/2024\/05\/WhatsApp-Image-2024-05-26-at-11.55.41-1024x768.jpeg\" alt=\"\" class=\"wp-image-5496\" srcset=\"https:\/\/gobrn.org.br\/portal\/wp-content\/uploads\/2024\/05\/WhatsApp-Image-2024-05-26-at-11.55.41-1024x768.jpeg 1024w, https:\/\/gobrn.org.br\/portal\/wp-content\/uploads\/2024\/05\/WhatsApp-Image-2024-05-26-at-11.55.41-300x225.jpeg 300w, https:\/\/gobrn.org.br\/portal\/wp-content\/uploads\/2024\/05\/WhatsApp-Image-2024-05-26-at-11.55.41-768x576.jpeg 768w, https:\/\/gobrn.org.br\/portal\/wp-content\/uploads\/2024\/05\/WhatsApp-Image-2024-05-26-at-11.55.41.jpeg 1280w\" sizes=\"(max-width: 1024px) 100vw, 1024px\" \/><\/figure>\n<\/figure>\n","protected":false},"excerpt":{"rendered":"<p>&nbsp;&nbsp;&nbsp;&nbsp;&nbsp;&nbsp;&nbsp;&nbsp;&nbsp;&nbsp;&nbsp;&nbsp;&nbsp;&nbsp;&nbsp;&nbsp;&nbsp;&nbsp;&nbsp;&nbsp;&nbsp;&nbsp;&nbsp;&nbsp;&nbsp;&nbsp;&nbsp;&nbsp;&nbsp;&nbsp; Na manh\u00e3 do dia 18\/05\/2024 (s\u00e1bado), a ARLS TEMPL\u00c1RIOS DO SERID\u00d3 N\u00ba 4588, ORIENTE DE PARELHAS\/RN, realizou Sess\u00e3o Magna de Eleva\u00e7\u00e3o, ocasi\u00e3o em que foram elevados ao Grau de Companheiro Ma\u00e7om os irm\u00e3os ITAM\u00c1RIO BEZERRA DE LIMA e JOS\u00c9 ANT\u00d4NIO SOARES DE ARA\u00daJO. &nbsp;&nbsp;&nbsp;&nbsp;&nbsp;&nbsp;&nbsp;&nbsp;&nbsp;&nbsp;&nbsp;&nbsp;&nbsp;&nbsp;&nbsp;&nbsp;&nbsp;&nbsp;&nbsp;&nbsp;&nbsp;&nbsp;&nbsp;&nbsp;&nbsp;&nbsp;&nbsp;&nbsp;&nbsp;&nbsp; O Evento ma\u00e7\u00f4nico ocorreu no Templo da Loja Ma\u00e7\u00f4nica Cirilo [&hellip;]<\/p>\n","protected":false},"author":3,"featured_media":5496,"comment_status":"open","ping_status":"open","sticky":false,"template":"","format":"standard","meta":{"site-sidebar-layout":"default","site-content-layout":"","ast-site-content-layout":"default","site-content-style":"default","site-sidebar-style":"default","ast-global-header-display":"","ast-banner-title-visibility":"","ast-main-header-display":"","ast-hfb-above-header-display":"","ast-hfb-below-header-display":"","ast-hfb-mobile-header-display":"","site-post-title":"","ast-breadcrumbs-content":"","ast-featured-img":"","footer-sml-layout":"","theme-transparent-header-meta":"","adv-header-id-meta":"","stick-header-meta":"","header-above-stick-meta":"","header-main-stick-meta":"","header-below-stick-meta":"","astra-migrate-meta-layouts":"default","ast-page-background-enabled":"default","ast-page-background-meta":{"desktop":{"background-color":"","background-image":"","background-repeat":"repeat","background-position":"center center","background-size":"auto","background-attachment":"scroll","background-type":"","background-media":"","overlay-type":"","overlay-color":"","overlay-opacity":"","overlay-gradient":""},"tablet":{"background-color":"","background-image":"","background-repeat":"repeat","background-position":"center center","background-size":"auto","background-attachment":"scroll","background-type":"","background-media":"","overlay-type":"","overlay-color":"","overlay-opacity":"","overlay-gradient":""},"mobile":{"background-color":"","background-image":"","background-repeat":"repeat","background-position":"center center","background-size":"auto","background-attachment":"scroll","background-type":"","background-media":"","overlay-type":"","overlay-color":"","overlay-opacity":"","overlay-gradient":""}},"ast-content-background-meta":{"desktop":{"background-color":"var(--ast-global-color-5)","background-image":"","background-repeat":"repeat","background-position":"center center","background-size":"auto","background-attachment":"scroll","background-type":"","background-media":"","overlay-type":"","overlay-color":"","overlay-opacity":"","overlay-gradient":""},"tablet":{"background-color":"var(--ast-global-color-5)","background-image":"","background-repeat":"repeat","background-position":"center center","background-size":"auto","background-attachment":"scroll","background-type":"","background-media":"","overlay-type":"","overlay-color":"","overlay-opacity":"","overlay-gradient":""},"mobile":{"background-color":"var(--ast-global-color-5)","background-image":"","background-repeat":"repeat","background-position":"center center","background-size":"auto","background-attachment":"scroll","background-type":"","background-media":"","overlay-type":"","overlay-color":"","overlay-opacity":"","overlay-gradient":""}},"_themeisle_gutenberg_block_has_review":false,"footnotes":"","_links_to":"","_links_to_target":""},"categories":[5],"tags":[],"class_list":["post-5495","post","type-post","status-publish","format-standard","has-post-thumbnail","hentry","category-noticias-do-gob-rn"],"_links":{"self":[{"href":"https:\/\/gobrn.org.br\/portal\/wp-json\/wp\/v2\/posts\/5495","targetHints":{"allow":["GET"]}}],"collection":[{"href":"https:\/\/gobrn.org.br\/portal\/wp-json\/wp\/v2\/posts"}],"about":[{"href":"https:\/\/gobrn.org.br\/portal\/wp-json\/wp\/v2\/types\/post"}],"author":[{"embeddable":true,"href":"https:\/\/gobrn.org.br\/portal\/wp-json\/wp\/v2\/users\/3"}],"replies":[{"embeddable":true,"href":"https:\/\/gobrn.org.br\/portal\/wp-json\/wp\/v2\/comments?post=5495"}],"version-history":[{"count":1,"href":"https:\/\/gobrn.org.br\/portal\/wp-json\/wp\/v2\/posts\/5495\/revisions"}],"predecessor-version":[{"id":5497,"href":"https:\/\/gobrn.org.br\/portal\/wp-json\/wp\/v2\/posts\/5495\/revisions\/5497"}],"wp:featuredmedia":[{"embeddable":true,"href":"https:\/\/gobrn.org.br\/portal\/wp-json\/wp\/v2\/media\/5496"}],"wp:attachment":[{"href":"https:\/\/gobrn.org.br\/portal\/wp-json\/wp\/v2\/media?parent=5495"}],"wp:term":[{"taxonomy":"category","embeddable":true,"href":"https:\/\/gobrn.org.br\/portal\/wp-json\/wp\/v2\/categories?post=5495"},{"taxonomy":"post_tag","embeddable":true,"href":"https:\/\/gobrn.org.br\/portal\/wp-json\/wp\/v2\/tags?post=5495"}],"curies":[{"name":"wp","href":"https:\/\/api.w.org\/{rel}","templated":true}]}}