{"id":5492,"date":"2024-05-25T12:39:00","date_gmt":"2024-05-25T15:39:00","guid":{"rendered":"https:\/\/gobrn.org.br\/portal\/?p=5492"},"modified":"2024-05-26T12:41:28","modified_gmt":"2024-05-26T15:41:28","slug":"sessao-magna-de-iniciacao-realizada-pela-arls-dr-pedro-germano-costa-n-2-349-oriente-de-natal-rn","status":"publish","type":"post","link":"https:\/\/gobrn.org.br\/portal\/noticias-do-gob-rn\/sessao-magna-de-iniciacao-realizada-pela-arls-dr-pedro-germano-costa-n-2-349-oriente-de-natal-rn\/","title":{"rendered":"SESS\u00c3O MAGNA DE INICIA\u00c7\u00c3O REALIZADA PELA ARLS DR. PEDRO GERMANO COSTA N\u00b0 2.349, ORIENTE DE NATAL\/RN."},"content":{"rendered":"\n<p>&nbsp;&nbsp;&nbsp;&nbsp;&nbsp;&nbsp;&nbsp;&nbsp;&nbsp;&nbsp;&nbsp;&nbsp;&nbsp;&nbsp;&nbsp;&nbsp;&nbsp;&nbsp;&nbsp;&nbsp;&nbsp;&nbsp;&nbsp;&nbsp;&nbsp;&nbsp;&nbsp;&nbsp;&nbsp;&nbsp; Na manh\u00e3 do dia 25\/05\/2024 (s\u00e1bado), o Poderoso Irm\u00e3o <strong>ROBERTO ADELINO SALES<\/strong>, Secret\u00e1rio de Ritual\u00edstica do Grande Oriente do Brasil \u2013 Rio Grande do Norte (GOB\/RN) representou a institui\u00e7\u00e3o na Sess\u00e3o Magna de Inicia\u00e7\u00e3o realizada pela <strong>DR. PEDRO GERMANO COSTA N\u00b0 2.349, ORIENTE DE NATAL\/RN<\/strong>. Na ocasi\u00e3o foram iniciados na Ordem os candidatos <strong>WAGNAER DA SILVA AMARAL, JOS\u00c9 WELLINGTON BARBALHO VIEIRA DA SILVA J\u00daNIOR e THIAGO ANTAS MUNIZ.<\/strong><\/p>\n\n\n\n<p>&nbsp;&nbsp;&nbsp;&nbsp;&nbsp;&nbsp;&nbsp;&nbsp;&nbsp;&nbsp;&nbsp;&nbsp;&nbsp;&nbsp;&nbsp; &nbsp;&nbsp;&nbsp;&nbsp;&nbsp;&nbsp;&nbsp;&nbsp;&nbsp;&nbsp;&nbsp;&nbsp;&nbsp;&nbsp;&nbsp; A Sess\u00e3o foi presidida e conduzida pelo Vener\u00e1vel Mestre da Loja, o Irm\u00e3o <strong>RUY MEDEIROS FERNANDES<\/strong>, contando com a presen\u00e7a de valorosos irm\u00e3os da fam\u00edlia ma\u00e7\u00f4nica e visitantes, dentre eles os Poderosos Irm\u00e3os <strong>FRANCISCO AUGUSTO DA SILVA NETO<\/strong> (Secret\u00e1rio de Finan\u00e7as do GOB\/RN) e <strong>ANT\u00d4NIO EDUARDO NASCIMENTO DOS SANTOS<\/strong> (Secret\u00e1rio da Guarda dos Selos do GOB\/RN), e o Vener\u00e1vel Irm\u00e3o <strong>HERIBERTO DOS SANTOS TINOCO <\/strong>(Vener\u00e1vel Mestre da ARLS 21 de Mar\u00e7o n\u00ba 152, Oriente de Natal\/RN).<\/p>\n\n\n\n<p>&nbsp;&nbsp;&nbsp;&nbsp;&nbsp;&nbsp;&nbsp;&nbsp;&nbsp;&nbsp;&nbsp;&nbsp;&nbsp;&nbsp;&nbsp;&nbsp;&nbsp;&nbsp;&nbsp;&nbsp;&nbsp;&nbsp;&nbsp;&nbsp;&nbsp;&nbsp;&nbsp;&nbsp;&nbsp;&nbsp; O GOB\/RN congratula-se com a ARLS Dr. Pedro Germano Costa pelos novos Irm\u00e3os iniciados, que vieram para fortalecer as suas colunas, bem como apresenta as suas boas-vindas ma\u00e7\u00f4nicas aos seus mais novos Irm\u00e3os Aprendizes.<\/p>\n\n\n\n<p>                                                                                            <strong> \u201cJUNTOS SOMOS MUITO MAIS FORTES AINDA DO QUE IMAGINAMOS SER\u201d<\/strong><\/p>\n\n\n\n<figure class=\"wp-block-image size-large\"><img fetchpriority=\"high\" decoding=\"async\" width=\"1024\" height=\"587\" src=\"https:\/\/gobrn.org.br\/portal\/wp-content\/uploads\/2024\/05\/WhatsApp-Image-2024-05-26-at-11.35.21-1024x587.jpeg\" alt=\"\" class=\"wp-image-5493\" srcset=\"https:\/\/gobrn.org.br\/portal\/wp-content\/uploads\/2024\/05\/WhatsApp-Image-2024-05-26-at-11.35.21-1024x587.jpeg 1024w, https:\/\/gobrn.org.br\/portal\/wp-content\/uploads\/2024\/05\/WhatsApp-Image-2024-05-26-at-11.35.21-300x172.jpeg 300w, https:\/\/gobrn.org.br\/portal\/wp-content\/uploads\/2024\/05\/WhatsApp-Image-2024-05-26-at-11.35.21-768x440.jpeg 768w, https:\/\/gobrn.org.br\/portal\/wp-content\/uploads\/2024\/05\/WhatsApp-Image-2024-05-26-at-11.35.21-1536x880.jpeg 1536w, https:\/\/gobrn.org.br\/portal\/wp-content\/uploads\/2024\/05\/WhatsApp-Image-2024-05-26-at-11.35.21-2048x1174.jpeg 2048w\" sizes=\"(max-width: 1024px) 100vw, 1024px\" \/><\/figure>\n","protected":false},"excerpt":{"rendered":"<p>&nbsp;&nbsp;&nbsp;&nbsp;&nbsp;&nbsp;&nbsp;&nbsp;&nbsp;&nbsp;&nbsp;&nbsp;&nbsp;&nbsp;&nbsp;&nbsp;&nbsp;&nbsp;&nbsp;&nbsp;&nbsp;&nbsp;&nbsp;&nbsp;&nbsp;&nbsp;&nbsp;&nbsp;&nbsp;&nbsp; Na manh\u00e3 do dia 25\/05\/2024 (s\u00e1bado), o Poderoso Irm\u00e3o ROBERTO ADELINO SALES, Secret\u00e1rio de Ritual\u00edstica do Grande Oriente do Brasil \u2013 Rio Grande do Norte (GOB\/RN) representou a institui\u00e7\u00e3o na Sess\u00e3o Magna de Inicia\u00e7\u00e3o realizada pela DR. PEDRO GERMANO COSTA N\u00b0 2.349, ORIENTE DE NATAL\/RN. Na ocasi\u00e3o foram iniciados na Ordem os candidatos WAGNAER [&hellip;]<\/p>\n","protected":false},"author":3,"featured_media":5493,"comment_status":"open","ping_status":"open","sticky":false,"template":"","format":"standard","meta":{"site-sidebar-layout":"default","site-content-layout":"","ast-site-content-layout":"default","site-content-style":"default","site-sidebar-style":"default","ast-global-header-display":"","ast-banner-title-visibility":"","ast-main-header-display":"","ast-hfb-above-header-display":"","ast-hfb-below-header-display":"","ast-hfb-mobile-header-display":"","site-post-title":"","ast-breadcrumbs-content":"","ast-featured-img":"","footer-sml-layout":"","theme-transparent-header-meta":"","adv-header-id-meta":"","stick-header-meta":"","header-above-stick-meta":"","header-main-stick-meta":"","header-below-stick-meta":"","astra-migrate-meta-layouts":"default","ast-page-background-enabled":"default","ast-page-background-meta":{"desktop":{"background-color":"","background-image":"","background-repeat":"repeat","background-position":"center center","background-size":"auto","background-attachment":"scroll","background-type":"","background-media":"","overlay-type":"","overlay-color":"","overlay-opacity":"","overlay-gradient":""},"tablet":{"background-color":"","background-image":"","background-repeat":"repeat","background-position":"center center","background-size":"auto","background-attachment":"scroll","background-type":"","background-media":"","overlay-type":"","overlay-color":"","overlay-opacity":"","overlay-gradient":""},"mobile":{"background-color":"","background-image":"","background-repeat":"repeat","background-position":"center center","background-size":"auto","background-attachment":"scroll","background-type":"","background-media":"","overlay-type":"","overlay-color":"","overlay-opacity":"","overlay-gradient":""}},"ast-content-background-meta":{"desktop":{"background-color":"var(--ast-global-color-5)","background-image":"","background-repeat":"repeat","background-position":"center center","background-size":"auto","background-attachment":"scroll","background-type":"","background-media":"","overlay-type":"","overlay-color":"","overlay-opacity":"","overlay-gradient":""},"tablet":{"background-color":"var(--ast-global-color-5)","background-image":"","background-repeat":"repeat","background-position":"center center","background-size":"auto","background-attachment":"scroll","background-type":"","background-media":"","overlay-type":"","overlay-color":"","overlay-opacity":"","overlay-gradient":""},"mobile":{"background-color":"var(--ast-global-color-5)","background-image":"","background-repeat":"repeat","background-position":"center center","background-size":"auto","background-attachment":"scroll","background-type":"","background-media":"","overlay-type":"","overlay-color":"","overlay-opacity":"","overlay-gradient":""}},"_themeisle_gutenberg_block_has_review":false,"footnotes":"","_links_to":"","_links_to_target":""},"categories":[5],"tags":[],"class_list":["post-5492","post","type-post","status-publish","format-standard","has-post-thumbnail","hentry","category-noticias-do-gob-rn"],"_links":{"self":[{"href":"https:\/\/gobrn.org.br\/portal\/wp-json\/wp\/v2\/posts\/5492","targetHints":{"allow":["GET"]}}],"collection":[{"href":"https:\/\/gobrn.org.br\/portal\/wp-json\/wp\/v2\/posts"}],"about":[{"href":"https:\/\/gobrn.org.br\/portal\/wp-json\/wp\/v2\/types\/post"}],"author":[{"embeddable":true,"href":"https:\/\/gobrn.org.br\/portal\/wp-json\/wp\/v2\/users\/3"}],"replies":[{"embeddable":true,"href":"https:\/\/gobrn.org.br\/portal\/wp-json\/wp\/v2\/comments?post=5492"}],"version-history":[{"count":1,"href":"https:\/\/gobrn.org.br\/portal\/wp-json\/wp\/v2\/posts\/5492\/revisions"}],"predecessor-version":[{"id":5494,"href":"https:\/\/gobrn.org.br\/portal\/wp-json\/wp\/v2\/posts\/5492\/revisions\/5494"}],"wp:featuredmedia":[{"embeddable":true,"href":"https:\/\/gobrn.org.br\/portal\/wp-json\/wp\/v2\/media\/5493"}],"wp:attachment":[{"href":"https:\/\/gobrn.org.br\/portal\/wp-json\/wp\/v2\/media?parent=5492"}],"wp:term":[{"taxonomy":"category","embeddable":true,"href":"https:\/\/gobrn.org.br\/portal\/wp-json\/wp\/v2\/categories?post=5492"},{"taxonomy":"post_tag","embeddable":true,"href":"https:\/\/gobrn.org.br\/portal\/wp-json\/wp\/v2\/tags?post=5492"}],"curies":[{"name":"wp","href":"https:\/\/api.w.org\/{rel}","templated":true}]}}