{"id":5316,"date":"2024-05-09T01:36:40","date_gmt":"2024-05-09T04:36:40","guid":{"rendered":"https:\/\/gobrn.org.br\/portal\/?p=5316"},"modified":"2024-05-16T01:37:44","modified_gmt":"2024-05-16T04:37:44","slug":"sessao-eleitoralrealizada-pela-arls-senador-joao-camara-no-3-268-oriente-de-joao-camara-rn","status":"publish","type":"post","link":"https:\/\/gobrn.org.br\/portal\/noticias-das-lojas\/sessao-eleitoralrealizada-pela-arls-senador-joao-camara-no-3-268-oriente-de-joao-camara-rn\/","title":{"rendered":"SESS\u00c3O ELEITORALREALIZADA PELA ARLS SENADOR JO\u00c3O C\u00c2MARA N\u00ba 3.268, ORIENTE DE JO\u00c3O C\u00c2MARA\/RN."},"content":{"rendered":"\n<p>&nbsp;&nbsp;&nbsp;&nbsp;&nbsp;&nbsp;&nbsp;&nbsp;&nbsp;&nbsp;&nbsp;&nbsp;&nbsp;&nbsp;&nbsp;&nbsp;&nbsp;&nbsp;&nbsp;&nbsp;&nbsp;&nbsp;&nbsp;&nbsp;&nbsp;&nbsp;&nbsp;&nbsp;&nbsp;&nbsp; Na noite do dia 09\/05\/2024 (quinta-feira), os membros da <strong>ARLS SENADOR JO\u00c3O C\u00c2MARA N\u00ba 3.268, ORIENTE DE JO\u00c3O C\u00c2MARA\/RN<\/strong>,reuniram-se em Sess\u00e3o Eleitoral devidamente autorizada, para elegerem a Administra\u00e7\u00e3o da Loja e o Membro do Minist\u00e9rio P\u00fablico.<\/p>\n\n\n\n<p>&nbsp;&nbsp;&nbsp;&nbsp;&nbsp;&nbsp;&nbsp;&nbsp;&nbsp;&nbsp;&nbsp;&nbsp;&nbsp;&nbsp;&nbsp;&nbsp;&nbsp;&nbsp;&nbsp;&nbsp;&nbsp;&nbsp;&nbsp;&nbsp;&nbsp;&nbsp;&nbsp;&nbsp;&nbsp;&nbsp; Na ocasi\u00e3o foram eleitos os seguintes Irm\u00e3os: <strong>EDVALDO LEITE<\/strong> (Vener\u00e1vel Mestre), <strong>RUBENS M\u00c1RIO<\/strong> (Primeiro Vigilante), <strong>GILBERTO TINOCO <\/strong>(Primeiro Vigilante), <strong>JOAQUIM FONTES GALV\u00c3O<\/strong> (Secret\u00e1rio), <strong>JO\u00c3O BOSCO OLIVEIRA<\/strong> (Chanceler) e <strong>PABLO SALAZAR <\/strong>(Orador).<\/p>\n\n\n\n<p>&nbsp;&nbsp;&nbsp;&nbsp;&nbsp;&nbsp;&nbsp;&nbsp;&nbsp;&nbsp;&nbsp;&nbsp;&nbsp;&nbsp;&nbsp;&nbsp;&nbsp;&nbsp;&nbsp;&nbsp;&nbsp;&nbsp;&nbsp;&nbsp;&nbsp;&nbsp;&nbsp;&nbsp;&nbsp;&nbsp; O GOB\/RN parabeniza os Irm\u00e3os eleitos e conclama aquela Oficina de S\u00e3o Jo\u00e3o \u00e0 caminhada para a constru\u00e7\u00e3o de um edif\u00edcio social cada vez mais justo e perfeito.<\/p>\n\n\n\n<p>                                                                              <strong>   \u201cJUNTOS SOMOS MUITO MAIS FORTES AINDA DO QUE IMAGINAMOS SER\u201d<\/strong><\/p>\n\n\n\n<figure class=\"wp-block-image size-large\"><img fetchpriority=\"high\" decoding=\"async\" width=\"1024\" height=\"682\" src=\"https:\/\/gobrn.org.br\/portal\/wp-content\/uploads\/2024\/05\/WhatsApp-Image-2024-05-12-at-07.47.58-1024x682.jpeg\" alt=\"\" class=\"wp-image-5317\" srcset=\"https:\/\/gobrn.org.br\/portal\/wp-content\/uploads\/2024\/05\/WhatsApp-Image-2024-05-12-at-07.47.58-1024x682.jpeg 1024w, https:\/\/gobrn.org.br\/portal\/wp-content\/uploads\/2024\/05\/WhatsApp-Image-2024-05-12-at-07.47.58-300x200.jpeg 300w, https:\/\/gobrn.org.br\/portal\/wp-content\/uploads\/2024\/05\/WhatsApp-Image-2024-05-12-at-07.47.58-768x512.jpeg 768w, https:\/\/gobrn.org.br\/portal\/wp-content\/uploads\/2024\/05\/WhatsApp-Image-2024-05-12-at-07.47.58-391x260.jpeg 391w, https:\/\/gobrn.org.br\/portal\/wp-content\/uploads\/2024\/05\/WhatsApp-Image-2024-05-12-at-07.47.58-1536x1023.jpeg 1536w, https:\/\/gobrn.org.br\/portal\/wp-content\/uploads\/2024\/05\/WhatsApp-Image-2024-05-12-at-07.47.58.jpeg 1600w\" sizes=\"(max-width: 1024px) 100vw, 1024px\" \/><\/figure>\n","protected":false},"excerpt":{"rendered":"<p>&nbsp;&nbsp;&nbsp;&nbsp;&nbsp;&nbsp;&nbsp;&nbsp;&nbsp;&nbsp;&nbsp;&nbsp;&nbsp;&nbsp;&nbsp;&nbsp;&nbsp;&nbsp;&nbsp;&nbsp;&nbsp;&nbsp;&nbsp;&nbsp;&nbsp;&nbsp;&nbsp;&nbsp;&nbsp;&nbsp; Na noite do dia 09\/05\/2024 (quinta-feira), os membros da ARLS SENADOR JO\u00c3O C\u00c2MARA N\u00ba 3.268, ORIENTE DE JO\u00c3O C\u00c2MARA\/RN,reuniram-se em Sess\u00e3o Eleitoral devidamente autorizada, para elegerem a Administra\u00e7\u00e3o da Loja e o Membro do Minist\u00e9rio P\u00fablico. &nbsp;&nbsp;&nbsp;&nbsp;&nbsp;&nbsp;&nbsp;&nbsp;&nbsp;&nbsp;&nbsp;&nbsp;&nbsp;&nbsp;&nbsp;&nbsp;&nbsp;&nbsp;&nbsp;&nbsp;&nbsp;&nbsp;&nbsp;&nbsp;&nbsp;&nbsp;&nbsp;&nbsp;&nbsp;&nbsp; Na ocasi\u00e3o foram eleitos os seguintes Irm\u00e3os: EDVALDO LEITE (Vener\u00e1vel Mestre), RUBENS M\u00c1RIO (Primeiro Vigilante), GILBERTO TINOCO [&hellip;]<\/p>\n","protected":false},"author":3,"featured_media":5317,"comment_status":"open","ping_status":"open","sticky":false,"template":"","format":"standard","meta":{"site-sidebar-layout":"default","site-content-layout":"","ast-site-content-layout":"default","site-content-style":"default","site-sidebar-style":"default","ast-global-header-display":"","ast-banner-title-visibility":"","ast-main-header-display":"","ast-hfb-above-header-display":"","ast-hfb-below-header-display":"","ast-hfb-mobile-header-display":"","site-post-title":"","ast-breadcrumbs-content":"","ast-featured-img":"","footer-sml-layout":"","theme-transparent-header-meta":"","adv-header-id-meta":"","stick-header-meta":"","header-above-stick-meta":"","header-main-stick-meta":"","header-below-stick-meta":"","astra-migrate-meta-layouts":"default","ast-page-background-enabled":"default","ast-page-background-meta":{"desktop":{"background-color":"","background-image":"","background-repeat":"repeat","background-position":"center center","background-size":"auto","background-attachment":"scroll","background-type":"","background-media":"","overlay-type":"","overlay-color":"","overlay-opacity":"","overlay-gradient":""},"tablet":{"background-color":"","background-image":"","background-repeat":"repeat","background-position":"center center","background-size":"auto","background-attachment":"scroll","background-type":"","background-media":"","overlay-type":"","overlay-color":"","overlay-opacity":"","overlay-gradient":""},"mobile":{"background-color":"","background-image":"","background-repeat":"repeat","background-position":"center center","background-size":"auto","background-attachment":"scroll","background-type":"","background-media":"","overlay-type":"","overlay-color":"","overlay-opacity":"","overlay-gradient":""}},"ast-content-background-meta":{"desktop":{"background-color":"var(--ast-global-color-5)","background-image":"","background-repeat":"repeat","background-position":"center center","background-size":"auto","background-attachment":"scroll","background-type":"","background-media":"","overlay-type":"","overlay-color":"","overlay-opacity":"","overlay-gradient":""},"tablet":{"background-color":"var(--ast-global-color-5)","background-image":"","background-repeat":"repeat","background-position":"center center","background-size":"auto","background-attachment":"scroll","background-type":"","background-media":"","overlay-type":"","overlay-color":"","overlay-opacity":"","overlay-gradient":""},"mobile":{"background-color":"var(--ast-global-color-5)","background-image":"","background-repeat":"repeat","background-position":"center center","background-size":"auto","background-attachment":"scroll","background-type":"","background-media":"","overlay-type":"","overlay-color":"","overlay-opacity":"","overlay-gradient":""}},"_themeisle_gutenberg_block_has_review":false,"footnotes":"","_links_to":"","_links_to_target":""},"categories":[4],"tags":[],"class_list":["post-5316","post","type-post","status-publish","format-standard","has-post-thumbnail","hentry","category-noticias-das-lojas"],"_links":{"self":[{"href":"https:\/\/gobrn.org.br\/portal\/wp-json\/wp\/v2\/posts\/5316","targetHints":{"allow":["GET"]}}],"collection":[{"href":"https:\/\/gobrn.org.br\/portal\/wp-json\/wp\/v2\/posts"}],"about":[{"href":"https:\/\/gobrn.org.br\/portal\/wp-json\/wp\/v2\/types\/post"}],"author":[{"embeddable":true,"href":"https:\/\/gobrn.org.br\/portal\/wp-json\/wp\/v2\/users\/3"}],"replies":[{"embeddable":true,"href":"https:\/\/gobrn.org.br\/portal\/wp-json\/wp\/v2\/comments?post=5316"}],"version-history":[{"count":1,"href":"https:\/\/gobrn.org.br\/portal\/wp-json\/wp\/v2\/posts\/5316\/revisions"}],"predecessor-version":[{"id":5318,"href":"https:\/\/gobrn.org.br\/portal\/wp-json\/wp\/v2\/posts\/5316\/revisions\/5318"}],"wp:featuredmedia":[{"embeddable":true,"href":"https:\/\/gobrn.org.br\/portal\/wp-json\/wp\/v2\/media\/5317"}],"wp:attachment":[{"href":"https:\/\/gobrn.org.br\/portal\/wp-json\/wp\/v2\/media?parent=5316"}],"wp:term":[{"taxonomy":"category","embeddable":true,"href":"https:\/\/gobrn.org.br\/portal\/wp-json\/wp\/v2\/categories?post=5316"},{"taxonomy":"post_tag","embeddable":true,"href":"https:\/\/gobrn.org.br\/portal\/wp-json\/wp\/v2\/tags?post=5316"}],"curies":[{"name":"wp","href":"https:\/\/api.w.org\/{rel}","templated":true}]}}