{"id":5184,"date":"2024-05-03T14:29:00","date_gmt":"2024-05-03T17:29:00","guid":{"rendered":"https:\/\/gobrn.org.br\/portal\/?p=5184"},"modified":"2024-05-04T14:30:26","modified_gmt":"2024-05-04T17:30:26","slug":"reuniao-virtual-com-os-veneraveis-mestres-e-representantes-das-lojas-jurisdicionadas-ao-grande-oriente-do-brasil-rio-grande-do-norte","status":"publish","type":"post","link":"https:\/\/gobrn.org.br\/portal\/noticias-do-gob-rn\/reuniao-virtual-com-os-veneraveis-mestres-e-representantes-das-lojas-jurisdicionadas-ao-grande-oriente-do-brasil-rio-grande-do-norte\/","title":{"rendered":"REUNI\u00c3O VIRTUAL COM OS VENER\u00c1VEIS MESTRES E REPRESENTANTES DAS LOJAS JURISDICIONADAS AO GRANDE ORIENTE DO BRASIL \u2013 RIO GRANDE DO NORTE"},"content":{"rendered":"\n<p>&nbsp;&nbsp;&nbsp;&nbsp;&nbsp;&nbsp;&nbsp;&nbsp;&nbsp;&nbsp;&nbsp;&nbsp;&nbsp;&nbsp;&nbsp;&nbsp;&nbsp;&nbsp;&nbsp;&nbsp;&nbsp;&nbsp;&nbsp;&nbsp;&nbsp;&nbsp;&nbsp;&nbsp;&nbsp;&nbsp; Na noite do dia 03\/05\/2024 (sexta-feira), o Eminente Irm\u00e3o <strong>OSMAR JOS\u00c9 MACIEL DE OLIVEIRA<\/strong> e o Poderoso Irm\u00e3o <strong>DEUSDEDITE XAVIER DE BRITO<\/strong>, respectivamente Gr\u00e3o-Mestre e Gr\u00e3o-Mestre Adjunto do Grande Oriente do Brasil \u2013 Rio Grande do Norte (GOB\/RN), juntamente com os Poderosos Irm\u00e3os <strong>MANUELITO WANDERLEI C\u00c2MARA DE SENA <\/strong>(Secret\u00e1rio de Educa\u00e7\u00e3o e Cultura do GOB\/RN) e <strong>FRANCISCO AUGUSTO DA SILVA NETO<\/strong> (Secret\u00e1rio de Finan\u00e7as do GOB\/RN), participaram de uma reuni\u00e3o virtual com os Vener\u00e1veis Mestres e representantes das Lojas jurisdicionadas, para tratarem de assuntos comuns institucionais, no intuito de agendarem eventos em comuns.<\/p>\n\n\n\n<p>&nbsp;&nbsp;&nbsp;&nbsp;&nbsp;&nbsp;&nbsp;&nbsp;&nbsp;&nbsp;&nbsp;&nbsp;&nbsp;&nbsp;&nbsp;&nbsp;&nbsp;&nbsp;&nbsp;&nbsp;&nbsp;&nbsp;&nbsp;&nbsp;&nbsp;&nbsp;&nbsp;&nbsp;&nbsp;&nbsp; Durante o encontro virtual foram tratados os seguintes assuntos: <strong>1)<\/strong> campanha de ajuda humanit\u00e1ria para o Estado do Rio Grande do Sul, atrav\u00e9s do Grande Oriente do Brasil \u2013 Rio Grande do Sul (GOB\/RS); <strong>2) <\/strong>an\u00e1lise conjunta da a\u00e7\u00e3o filantr\u00f3pica estadual realizada no dia 27\/04\/2024, pelas Lojas Ma\u00e7\u00f4nicas jurisdicionadas ao GOB\/RN, com a importante participa\u00e7\u00e3o das entidades parama\u00e7\u00f4nicas (FRAFEM e APJ); <strong>3) <\/strong>envio de prancha circular \u00e0s Lojas Ma\u00e7\u00f4nicas Universit\u00e1rias, jurisdicionadas ao GOB\/RN, para se manifestarem acerca do interesse ou n\u00e3o de implementarem o \u201cPROJETO MA\u00c7ONARIA DE PORTAS ABERTAS A FAVOR DA VIDA \u2013 MA\u00c7ONARIA E ENSINO SUPERIOR\u201d; <strong>4) <\/strong>cria\u00e7\u00e3o do Acervo Digital do GOB\/RN, para forma\u00e7\u00e3o de uma biblioteca virtual de trabalhos culturais diversos, com temas ma\u00e7\u00f4nicos e temas gerais; <strong>5) <\/strong>Semin\u00e1rio de Ritual\u00edstica (Atualiza\u00e7\u00f5es no REAA \u2013 Grau de Aprendiz), a acontecer dia 18 de maio de 2024, de forma h\u00edbrida (presencial no GOB\/RN e em sala virtual); <strong>6) <\/strong>participa\u00e7\u00e3o do Gr\u00e3o-Mestre do GOB\/RN no Encontro Norte e Nordeste de GME, nos dias 24 a 26 de maio de 2024, em Macei\u00f3\/AL; <strong>7) <\/strong>3\u00ba S\u00e3o Jo\u00e3o do GOB\/RN, previsto para o dia 06 de julho de 2024, <strong>8) <\/strong>no Shopping Potiguar, a partir das 19h \u2013 Banda Corcel II e artistas da ma\u00e7onaria; <strong>9) <\/strong>participa\u00e7\u00e3o no Congresso da A\u00e7\u00e3o Parama\u00e7\u00f4nica Juvenil APJ, que acontecer\u00e1 nos dias 12, 13 e 14 de julho de 2024, em Santa Cruz\/RN, com a presen\u00e7a do Gr\u00e3o-Mestre Geral e do Fundador da APJ; <strong>10) <\/strong>Curso de Primeiros Socorros, que acontecer\u00e1 no dia 20 de julho de 2024, na \u00e1rea da ARLS 21 de Abril; <strong>11) <\/strong>Cursos Gratuitos do SENAC \u2013 Microsoft; <strong>12) <\/strong>convoca\u00e7\u00e3o do Gr\u00e3o-Mestre do GOB\/RN para participar da Suprema Congrega\u00e7\u00e3o, nos dias 13, 14, 15 e 16 de agosto de 2024, em Bras\u00edlia\/DF; <strong>13) <\/strong>Sess\u00e3o Conjunta (GOB\/RN, GORN e GLERN) do Dia do Ma\u00e7om, prevista para a manh\u00e3 do dia 24 de agosto de 2024, na ARLS 21 de Abril, Oriente de Parnamirim\/RN; <strong>14) <\/strong>Desfile de 7 de Setembro; <strong>15) <\/strong>convoca\u00e7\u00e3o dos Vener\u00e1veis Mestres para participarem da Poderosa Congrega\u00e7\u00e3o (GOB\/RN), na manh\u00e3 do dia 14 de setembro de 2024, na ARLS 21 de Mar\u00e7o (Ma\u00e7ons) e na ARLS Evolu\u00e7\u00e3o Segunda (FRAFEM), Oriente de Natal\/RN.<\/p>\n\n\n\n<p>                                                                  <strong>     \u201cJUNTOS SOMOS MUITO MAIS FORTES AINDA DO QUE IMAGINAMOS SER\u201d<\/strong><\/p>\n\n\n\n<figure class=\"wp-block-gallery has-nested-images columns-1 is-cropped wp-block-gallery-1 is-layout-flex wp-block-gallery-is-layout-flex\">\n<figure class=\"wp-block-image size-large\"><img fetchpriority=\"high\" decoding=\"async\" width=\"1024\" height=\"576\" data-id=\"5186\" src=\"https:\/\/gobrn.org.br\/portal\/wp-content\/uploads\/2024\/05\/WhatsApp-Image-2024-05-04-at-12.15.54-1024x576.jpeg\" alt=\"\" class=\"wp-image-5186\" srcset=\"https:\/\/gobrn.org.br\/portal\/wp-content\/uploads\/2024\/05\/WhatsApp-Image-2024-05-04-at-12.15.54-1024x576.jpeg 1024w, https:\/\/gobrn.org.br\/portal\/wp-content\/uploads\/2024\/05\/WhatsApp-Image-2024-05-04-at-12.15.54-300x169.jpeg 300w, https:\/\/gobrn.org.br\/portal\/wp-content\/uploads\/2024\/05\/WhatsApp-Image-2024-05-04-at-12.15.54-768x432.jpeg 768w, https:\/\/gobrn.org.br\/portal\/wp-content\/uploads\/2024\/05\/WhatsApp-Image-2024-05-04-at-12.15.54.jpeg 1366w\" sizes=\"(max-width: 1024px) 100vw, 1024px\" \/><\/figure>\n\n\n\n<figure class=\"wp-block-image size-large\"><img decoding=\"async\" width=\"1024\" height=\"576\" data-id=\"5185\" src=\"https:\/\/gobrn.org.br\/portal\/wp-content\/uploads\/2024\/05\/WhatsApp-Image-2024-05-04-at-12.15.09-1024x576.jpeg\" alt=\"\" class=\"wp-image-5185\" srcset=\"https:\/\/gobrn.org.br\/portal\/wp-content\/uploads\/2024\/05\/WhatsApp-Image-2024-05-04-at-12.15.09-1024x576.jpeg 1024w, https:\/\/gobrn.org.br\/portal\/wp-content\/uploads\/2024\/05\/WhatsApp-Image-2024-05-04-at-12.15.09-300x169.jpeg 300w, https:\/\/gobrn.org.br\/portal\/wp-content\/uploads\/2024\/05\/WhatsApp-Image-2024-05-04-at-12.15.09-768x432.jpeg 768w, https:\/\/gobrn.org.br\/portal\/wp-content\/uploads\/2024\/05\/WhatsApp-Image-2024-05-04-at-12.15.09.jpeg 1366w\" sizes=\"(max-width: 1024px) 100vw, 1024px\" \/><\/figure>\n<\/figure>\n","protected":false},"excerpt":{"rendered":"<p>&nbsp;&nbsp;&nbsp;&nbsp;&nbsp;&nbsp;&nbsp;&nbsp;&nbsp;&nbsp;&nbsp;&nbsp;&nbsp;&nbsp;&nbsp;&nbsp;&nbsp;&nbsp;&nbsp;&nbsp;&nbsp;&nbsp;&nbsp;&nbsp;&nbsp;&nbsp;&nbsp;&nbsp;&nbsp;&nbsp; Na noite do dia 03\/05\/2024 (sexta-feira), o Eminente Irm\u00e3o OSMAR JOS\u00c9 MACIEL DE OLIVEIRA e o Poderoso Irm\u00e3o DEUSDEDITE XAVIER DE BRITO, respectivamente Gr\u00e3o-Mestre e Gr\u00e3o-Mestre Adjunto do Grande Oriente do Brasil \u2013 Rio Grande do Norte (GOB\/RN), juntamente com os Poderosos Irm\u00e3os MANUELITO WANDERLEI C\u00c2MARA DE SENA (Secret\u00e1rio de Educa\u00e7\u00e3o e Cultura do [&hellip;]<\/p>\n","protected":false},"author":3,"featured_media":5185,"comment_status":"open","ping_status":"open","sticky":false,"template":"","format":"standard","meta":{"site-sidebar-layout":"default","site-content-layout":"","ast-site-content-layout":"default","site-content-style":"default","site-sidebar-style":"default","ast-global-header-display":"","ast-banner-title-visibility":"","ast-main-header-display":"","ast-hfb-above-header-display":"","ast-hfb-below-header-display":"","ast-hfb-mobile-header-display":"","site-post-title":"","ast-breadcrumbs-content":"","ast-featured-img":"","footer-sml-layout":"","theme-transparent-header-meta":"","adv-header-id-meta":"","stick-header-meta":"","header-above-stick-meta":"","header-main-stick-meta":"","header-below-stick-meta":"","astra-migrate-meta-layouts":"default","ast-page-background-enabled":"default","ast-page-background-meta":{"desktop":{"background-color":"","background-image":"","background-repeat":"repeat","background-position":"center center","background-size":"auto","background-attachment":"scroll","background-type":"","background-media":"","overlay-type":"","overlay-color":"","overlay-opacity":"","overlay-gradient":""},"tablet":{"background-color":"","background-image":"","background-repeat":"repeat","background-position":"center center","background-size":"auto","background-attachment":"scroll","background-type":"","background-media":"","overlay-type":"","overlay-color":"","overlay-opacity":"","overlay-gradient":""},"mobile":{"background-color":"","background-image":"","background-repeat":"repeat","background-position":"center center","background-size":"auto","background-attachment":"scroll","background-type":"","background-media":"","overlay-type":"","overlay-color":"","overlay-opacity":"","overlay-gradient":""}},"ast-content-background-meta":{"desktop":{"background-color":"var(--ast-global-color-5)","background-image":"","background-repeat":"repeat","background-position":"center center","background-size":"auto","background-attachment":"scroll","background-type":"","background-media":"","overlay-type":"","overlay-color":"","overlay-opacity":"","overlay-gradient":""},"tablet":{"background-color":"var(--ast-global-color-5)","background-image":"","background-repeat":"repeat","background-position":"center center","background-size":"auto","background-attachment":"scroll","background-type":"","background-media":"","overlay-type":"","overlay-color":"","overlay-opacity":"","overlay-gradient":""},"mobile":{"background-color":"var(--ast-global-color-5)","background-image":"","background-repeat":"repeat","background-position":"center center","background-size":"auto","background-attachment":"scroll","background-type":"","background-media":"","overlay-type":"","overlay-color":"","overlay-opacity":"","overlay-gradient":""}},"_themeisle_gutenberg_block_has_review":false,"footnotes":"","_links_to":"","_links_to_target":""},"categories":[5],"tags":[],"class_list":["post-5184","post","type-post","status-publish","format-standard","has-post-thumbnail","hentry","category-noticias-do-gob-rn"],"_links":{"self":[{"href":"https:\/\/gobrn.org.br\/portal\/wp-json\/wp\/v2\/posts\/5184","targetHints":{"allow":["GET"]}}],"collection":[{"href":"https:\/\/gobrn.org.br\/portal\/wp-json\/wp\/v2\/posts"}],"about":[{"href":"https:\/\/gobrn.org.br\/portal\/wp-json\/wp\/v2\/types\/post"}],"author":[{"embeddable":true,"href":"https:\/\/gobrn.org.br\/portal\/wp-json\/wp\/v2\/users\/3"}],"replies":[{"embeddable":true,"href":"https:\/\/gobrn.org.br\/portal\/wp-json\/wp\/v2\/comments?post=5184"}],"version-history":[{"count":1,"href":"https:\/\/gobrn.org.br\/portal\/wp-json\/wp\/v2\/posts\/5184\/revisions"}],"predecessor-version":[{"id":5187,"href":"https:\/\/gobrn.org.br\/portal\/wp-json\/wp\/v2\/posts\/5184\/revisions\/5187"}],"wp:featuredmedia":[{"embeddable":true,"href":"https:\/\/gobrn.org.br\/portal\/wp-json\/wp\/v2\/media\/5185"}],"wp:attachment":[{"href":"https:\/\/gobrn.org.br\/portal\/wp-json\/wp\/v2\/media?parent=5184"}],"wp:term":[{"taxonomy":"category","embeddable":true,"href":"https:\/\/gobrn.org.br\/portal\/wp-json\/wp\/v2\/categories?post=5184"},{"taxonomy":"post_tag","embeddable":true,"href":"https:\/\/gobrn.org.br\/portal\/wp-json\/wp\/v2\/tags?post=5184"}],"curies":[{"name":"wp","href":"https:\/\/api.w.org\/{rel}","templated":true}]}}