{"id":5129,"date":"2024-05-02T19:01:07","date_gmt":"2024-05-02T22:01:07","guid":{"rendered":"https:\/\/gobrn.org.br\/portal\/?p=5129"},"modified":"2024-05-03T19:02:11","modified_gmt":"2024-05-03T22:02:11","slug":"participacao-do-grao-mestre-do-gob-rn-na-sessao-ordinaria-no-grau-de-aprendiz-da-arls-ary-reis-duarte-no-4-251-oriente-de-parnamirim-rn","status":"publish","type":"post","link":"https:\/\/gobrn.org.br\/portal\/noticias-das-lojas\/participacao-do-grao-mestre-do-gob-rn-na-sessao-ordinaria-no-grau-de-aprendiz-da-arls-ary-reis-duarte-no-4-251-oriente-de-parnamirim-rn\/","title":{"rendered":"PARTICIPA\u00c7\u00c3O DO GR\u00c3O-MESTRE DO GOB\/RN NA SESS\u00c3O ORDIN\u00c1RIA NO GRAU DE APRENDIZ, DA ARLS ARY REIS DUARTE N\u00ba 4.251, ORIENTE DE PARNAMIRIM\/RN."},"content":{"rendered":"\n<p>&nbsp;&nbsp;&nbsp;&nbsp;&nbsp;&nbsp;&nbsp;&nbsp;&nbsp;&nbsp;&nbsp;&nbsp;&nbsp;&nbsp;&nbsp;&nbsp;&nbsp;&nbsp;&nbsp;&nbsp;&nbsp;&nbsp;&nbsp;&nbsp;&nbsp;&nbsp;&nbsp;&nbsp;&nbsp;&nbsp; Na noite do dia 02\/05\/2024 (quinta-feira), o Eminente Irm\u00e3o <strong>OSMAR JOS\u00c9 MACIEL DE OLIVEIRA<\/strong>, Gr\u00e3o-Mestre do Grande Oriente do Brasil \u2013 Rio Grande do Norte (GOB\/RN), presidiu a Sess\u00e3o Ordin\u00e1ria no Grau de Aprendiz realizada pela <strong>ARLS MONTEIRO ARY REIS DUARTE N\u00ba 4.251, ORIENTE DE PARNAMIRIM\/RN<\/strong>, ocasi\u00e3o em que tamb\u00e9m preencheu o Tempo de Estudos, abordando o tema \u201cBreves Apontamentos Sobre o Termo Virtude\u201d.<\/p>\n\n\n\n<p>&nbsp;&nbsp;&nbsp;&nbsp;&nbsp;&nbsp;&nbsp;&nbsp;&nbsp;&nbsp;&nbsp;&nbsp;&nbsp;&nbsp;&nbsp;&nbsp;&nbsp;&nbsp;&nbsp;&nbsp;&nbsp;&nbsp;&nbsp;&nbsp;&nbsp;&nbsp;&nbsp;&nbsp;&nbsp;&nbsp; Acompanharam o Eminente Gr\u00e3o-Mestre os Poderosos Irm\u00e3os <strong>MANUELITO WANDERLEI C\u00c2MARA DE SENA<\/strong> (Secret\u00e1rio de Educa\u00e7\u00e3o e Cultura do GOB\/RN) e <strong>FRANCISCO AUGUSTO DA SILVA NETO<\/strong> (Secret\u00e1rio de Finan\u00e7as do GOB\/RN).<\/p>\n\n\n\n<p>&nbsp;&nbsp;&nbsp;&nbsp;&nbsp;&nbsp;&nbsp;&nbsp;&nbsp;&nbsp;&nbsp;&nbsp;&nbsp;&nbsp;&nbsp;&nbsp;&nbsp;&nbsp;&nbsp;&nbsp;&nbsp;&nbsp;&nbsp;&nbsp;&nbsp;&nbsp;&nbsp;&nbsp;&nbsp;&nbsp; A Sess\u00e3o foi conduzida pelo Vener\u00e1vel Mestre da Loja, o Irm\u00e3o <strong>ROBERTO SOARES DA SILVA<\/strong>, contando com a participa\u00e7\u00e3o de valorosos Irm\u00e3os que comp\u00f5em a fam\u00edlia ma\u00e7\u00f4nica potiguar, os quais abrilhantaram os trabalhos naquela noite com suas queridas presen\u00e7as.<\/p>\n\n\n\n<p>\u00a0\u00a0\u00a0\u00a0\u00a0\u00a0\u00a0\u00a0\u00a0\u00a0\u00a0\u00a0\u00a0\u00a0\u00a0\u00a0\u00a0\u00a0\u00a0\u00a0\u00a0\u00a0\u00a0\u00a0\u00a0\u00a0\u00a0\u00a0\u00a0\u00a0                                           <strong>     \u201cJUNTOS SOMOS MUITO MAIS FORTES AINDA DO QUE IMAGINAMOS SER\u201d<\/strong><\/p>\n\n\n\n<figure class=\"wp-block-image size-large\"><img fetchpriority=\"high\" decoding=\"async\" width=\"1024\" height=\"768\" src=\"https:\/\/gobrn.org.br\/portal\/wp-content\/uploads\/2024\/05\/WhatsApp-Image-2024-05-03-at-10.45.16-1024x768.jpeg\" alt=\"\" class=\"wp-image-5130\" srcset=\"https:\/\/gobrn.org.br\/portal\/wp-content\/uploads\/2024\/05\/WhatsApp-Image-2024-05-03-at-10.45.16-1024x768.jpeg 1024w, https:\/\/gobrn.org.br\/portal\/wp-content\/uploads\/2024\/05\/WhatsApp-Image-2024-05-03-at-10.45.16-300x225.jpeg 300w, https:\/\/gobrn.org.br\/portal\/wp-content\/uploads\/2024\/05\/WhatsApp-Image-2024-05-03-at-10.45.16-768x576.jpeg 768w, https:\/\/gobrn.org.br\/portal\/wp-content\/uploads\/2024\/05\/WhatsApp-Image-2024-05-03-at-10.45.16-1536x1152.jpeg 1536w, https:\/\/gobrn.org.br\/portal\/wp-content\/uploads\/2024\/05\/WhatsApp-Image-2024-05-03-at-10.45.16.jpeg 1600w\" sizes=\"(max-width: 1024px) 100vw, 1024px\" \/><\/figure>\n","protected":false},"excerpt":{"rendered":"<p>&nbsp;&nbsp;&nbsp;&nbsp;&nbsp;&nbsp;&nbsp;&nbsp;&nbsp;&nbsp;&nbsp;&nbsp;&nbsp;&nbsp;&nbsp;&nbsp;&nbsp;&nbsp;&nbsp;&nbsp;&nbsp;&nbsp;&nbsp;&nbsp;&nbsp;&nbsp;&nbsp;&nbsp;&nbsp;&nbsp; Na noite do dia 02\/05\/2024 (quinta-feira), o Eminente Irm\u00e3o OSMAR JOS\u00c9 MACIEL DE OLIVEIRA, Gr\u00e3o-Mestre do Grande Oriente do Brasil \u2013 Rio Grande do Norte (GOB\/RN), presidiu a Sess\u00e3o Ordin\u00e1ria no Grau de Aprendiz realizada pela ARLS MONTEIRO ARY REIS DUARTE N\u00ba 4.251, ORIENTE DE PARNAMIRIM\/RN, ocasi\u00e3o em que tamb\u00e9m preencheu o Tempo de [&hellip;]<\/p>\n","protected":false},"author":3,"featured_media":5130,"comment_status":"open","ping_status":"open","sticky":false,"template":"","format":"standard","meta":{"site-sidebar-layout":"default","site-content-layout":"","ast-site-content-layout":"default","site-content-style":"default","site-sidebar-style":"default","ast-global-header-display":"","ast-banner-title-visibility":"","ast-main-header-display":"","ast-hfb-above-header-display":"","ast-hfb-below-header-display":"","ast-hfb-mobile-header-display":"","site-post-title":"","ast-breadcrumbs-content":"","ast-featured-img":"","footer-sml-layout":"","theme-transparent-header-meta":"","adv-header-id-meta":"","stick-header-meta":"","header-above-stick-meta":"","header-main-stick-meta":"","header-below-stick-meta":"","astra-migrate-meta-layouts":"default","ast-page-background-enabled":"default","ast-page-background-meta":{"desktop":{"background-color":"","background-image":"","background-repeat":"repeat","background-position":"center center","background-size":"auto","background-attachment":"scroll","background-type":"","background-media":"","overlay-type":"","overlay-color":"","overlay-opacity":"","overlay-gradient":""},"tablet":{"background-color":"","background-image":"","background-repeat":"repeat","background-position":"center center","background-size":"auto","background-attachment":"scroll","background-type":"","background-media":"","overlay-type":"","overlay-color":"","overlay-opacity":"","overlay-gradient":""},"mobile":{"background-color":"","background-image":"","background-repeat":"repeat","background-position":"center center","background-size":"auto","background-attachment":"scroll","background-type":"","background-media":"","overlay-type":"","overlay-color":"","overlay-opacity":"","overlay-gradient":""}},"ast-content-background-meta":{"desktop":{"background-color":"var(--ast-global-color-5)","background-image":"","background-repeat":"repeat","background-position":"center center","background-size":"auto","background-attachment":"scroll","background-type":"","background-media":"","overlay-type":"","overlay-color":"","overlay-opacity":"","overlay-gradient":""},"tablet":{"background-color":"var(--ast-global-color-5)","background-image":"","background-repeat":"repeat","background-position":"center center","background-size":"auto","background-attachment":"scroll","background-type":"","background-media":"","overlay-type":"","overlay-color":"","overlay-opacity":"","overlay-gradient":""},"mobile":{"background-color":"var(--ast-global-color-5)","background-image":"","background-repeat":"repeat","background-position":"center center","background-size":"auto","background-attachment":"scroll","background-type":"","background-media":"","overlay-type":"","overlay-color":"","overlay-opacity":"","overlay-gradient":""}},"_themeisle_gutenberg_block_has_review":false,"footnotes":"","_links_to":"","_links_to_target":""},"categories":[4],"tags":[],"class_list":["post-5129","post","type-post","status-publish","format-standard","has-post-thumbnail","hentry","category-noticias-das-lojas"],"_links":{"self":[{"href":"https:\/\/gobrn.org.br\/portal\/wp-json\/wp\/v2\/posts\/5129","targetHints":{"allow":["GET"]}}],"collection":[{"href":"https:\/\/gobrn.org.br\/portal\/wp-json\/wp\/v2\/posts"}],"about":[{"href":"https:\/\/gobrn.org.br\/portal\/wp-json\/wp\/v2\/types\/post"}],"author":[{"embeddable":true,"href":"https:\/\/gobrn.org.br\/portal\/wp-json\/wp\/v2\/users\/3"}],"replies":[{"embeddable":true,"href":"https:\/\/gobrn.org.br\/portal\/wp-json\/wp\/v2\/comments?post=5129"}],"version-history":[{"count":1,"href":"https:\/\/gobrn.org.br\/portal\/wp-json\/wp\/v2\/posts\/5129\/revisions"}],"predecessor-version":[{"id":5131,"href":"https:\/\/gobrn.org.br\/portal\/wp-json\/wp\/v2\/posts\/5129\/revisions\/5131"}],"wp:featuredmedia":[{"embeddable":true,"href":"https:\/\/gobrn.org.br\/portal\/wp-json\/wp\/v2\/media\/5130"}],"wp:attachment":[{"href":"https:\/\/gobrn.org.br\/portal\/wp-json\/wp\/v2\/media?parent=5129"}],"wp:term":[{"taxonomy":"category","embeddable":true,"href":"https:\/\/gobrn.org.br\/portal\/wp-json\/wp\/v2\/categories?post=5129"},{"taxonomy":"post_tag","embeddable":true,"href":"https:\/\/gobrn.org.br\/portal\/wp-json\/wp\/v2\/tags?post=5129"}],"curies":[{"name":"wp","href":"https:\/\/api.w.org\/{rel}","templated":true}]}}